{"id":5152,"date":"2026-03-10T07:23:58","date_gmt":"2026-03-10T07:23:58","guid":{"rendered":"https:\/\/www.ossjsmlednik.si\/?p=5152"},"modified":"2026-03-10T07:24:00","modified_gmt":"2026-03-10T07:24:00","slug":"zimska-sola-v-naravi-1-dan","status":"publish","type":"post","link":"https:\/\/www.ossjsmlednik.si\/?p=5152","title":{"rendered":"Zimska\u00a0\u0161ola v naravi &#8211; 1. dan"},"content":{"rendered":"\n<p>Prvi\u00a0dan\u00a0v Kranjski Gori so se nekateri u\u010denci prvi\u010d postavili na smu\u010di, ostali so se spoznali s turno smuko in z iskanje zasutega v sne\u017enem plazu. Popoldan smo poslu\u0161ali predavanje o FIS pravilih\u00a0 na smu\u010di\u0161\u010du,\u00a0 po ve\u010derji pa smo si ogledali znamenitosti Kranjske gore. Ve\u010d v slikah &#8230;<\/p>\n\n\n\n<figure class=\"wp-block-image size-full is-resized\"><img loading=\"lazy\" decoding=\"async\" width=\"911\" height=\"536\" src=\"https:\/\/www.ossjsmlednik.si\/wp-content\/uploads\/2026\/03\/Posnetek-zaslona-2026-03-10-081611.png\" alt=\"\" class=\"wp-image-5153\" style=\"width:626px;height:auto\" srcset=\"https:\/\/www.ossjsmlednik.si\/wp-content\/uploads\/2026\/03\/Posnetek-zaslona-2026-03-10-081611.png 911w, https:\/\/www.ossjsmlednik.si\/wp-content\/uploads\/2026\/03\/Posnetek-zaslona-2026-03-10-081611-300x177.png 300w, https:\/\/www.ossjsmlednik.si\/wp-content\/uploads\/2026\/03\/Posnetek-zaslona-2026-03-10-081611-768x452.png 768w, https:\/\/www.ossjsmlednik.si\/wp-content\/uploads\/2026\/03\/Posnetek-zaslona-2026-03-10-081611-100x59.png 100w\" sizes=\"auto, (max-width: 911px) 100vw, 911px\" \/><\/figure>\n\n\n\n<figure class=\"wp-block-image size-full is-resized\"><img loading=\"lazy\" decoding=\"async\" width=\"929\" height=\"690\" src=\"https:\/\/www.ossjsmlednik.si\/wp-content\/uploads\/2026\/03\/Posnetek-zaslona-2026-03-10-081543.png\" alt=\"\" class=\"wp-image-5154\" style=\"aspect-ratio:1.3464176704191144;width:627px;height:auto\" srcset=\"https:\/\/www.ossjsmlednik.si\/wp-content\/uploads\/2026\/03\/Posnetek-zaslona-2026-03-10-081543.png 929w, https:\/\/www.ossjsmlednik.si\/wp-content\/uploads\/2026\/03\/Posnetek-zaslona-2026-03-10-081543-300x223.png 300w, https:\/\/www.ossjsmlednik.si\/wp-content\/uploads\/2026\/03\/Posnetek-zaslona-2026-03-10-081543-768x570.png 768w, https:\/\/www.ossjsmlednik.si\/wp-content\/uploads\/2026\/03\/Posnetek-zaslona-2026-03-10-081543-100x74.png 100w\" sizes=\"auto, (max-width: 929px) 100vw, 929px\" \/><\/figure>\n\n\n\n<figure class=\"wp-block-image size-full is-resized\"><img loading=\"lazy\" decoding=\"async\" width=\"501\" height=\"627\" src=\"https:\/\/www.ossjsmlednik.si\/wp-content\/uploads\/2026\/03\/Posnetek-zaslona-2026-03-10-081410.png\" alt=\"\" class=\"wp-image-5155\" style=\"width:628px;height:auto\" srcset=\"https:\/\/www.ossjsmlednik.si\/wp-content\/uploads\/2026\/03\/Posnetek-zaslona-2026-03-10-081410.png 501w, https:\/\/www.ossjsmlednik.si\/wp-content\/uploads\/2026\/03\/Posnetek-zaslona-2026-03-10-081410-240x300.png 240w, https:\/\/www.ossjsmlednik.si\/wp-content\/uploads\/2026\/03\/Posnetek-zaslona-2026-03-10-081410-100x125.png 100w\" sizes=\"auto, (max-width: 501px) 100vw, 501px\" \/><\/figure>\n\n\n\n<figure class=\"wp-block-image size-full is-resized\"><img loading=\"lazy\" decoding=\"async\" width=\"901\" height=\"671\" src=\"https:\/\/www.ossjsmlednik.si\/wp-content\/uploads\/2026\/03\/Posnetek-zaslona-2026-03-10-082031.png\" alt=\"\" class=\"wp-image-5156\" style=\"width:627px;height:auto\" srcset=\"https:\/\/www.ossjsmlednik.si\/wp-content\/uploads\/2026\/03\/Posnetek-zaslona-2026-03-10-082031.png 901w, https:\/\/www.ossjsmlednik.si\/wp-content\/uploads\/2026\/03\/Posnetek-zaslona-2026-03-10-082031-300x223.png 300w, https:\/\/www.ossjsmlednik.si\/wp-content\/uploads\/2026\/03\/Posnetek-zaslona-2026-03-10-082031-768x572.png 768w, https:\/\/www.ossjsmlednik.si\/wp-content\/uploads\/2026\/03\/Posnetek-zaslona-2026-03-10-082031-100x74.png 100w\" sizes=\"auto, (max-width: 901px) 100vw, 901px\" \/><\/figure>\n","protected":false},"excerpt":{"rendered":"<p>Prvi\u00a0dan\u00a0v Kranjski Gori so se nekateri u\u010denci prvi\u010d postavili na smu\u010di, ostali so se spoznali s turno smuko in z iskanje zasutega v sne\u017enem plazu. Popoldan smo poslu\u0161ali predavanje o FIS pravilih\u00a0 na smu\u010di\u0161\u010du,\u00a0&#46;&#46;&#46;<\/p>\n","protected":false},"author":1,"featured_media":5157,"comment_status":"closed","ping_status":"open","sticky":false,"template":"","format":"standard","meta":{"footnotes":""},"categories":[4],"tags":[],"class_list":["post-5152","post","type-post","status-publish","format-standard","has-post-thumbnail","hentry","category-novice"],"publishpress_future_action":{"enabled":false,"date":"2026-05-06 22:59:48","action":"change-status","newStatus":"draft","terms":[],"taxonomy":"category","extraData":[]},"publishpress_future_workflow_manual_trigger":{"enabledWorkflows":[]},"_links":{"self":[{"href":"https:\/\/www.ossjsmlednik.si\/index.php?rest_route=\/wp\/v2\/posts\/5152","targetHints":{"allow":["GET"]}}],"collection":[{"href":"https:\/\/www.ossjsmlednik.si\/index.php?rest_route=\/wp\/v2\/posts"}],"about":[{"href":"https:\/\/www.ossjsmlednik.si\/index.php?rest_route=\/wp\/v2\/types\/post"}],"author":[{"embeddable":true,"href":"https:\/\/www.ossjsmlednik.si\/index.php?rest_route=\/wp\/v2\/users\/1"}],"replies":[{"embeddable":true,"href":"https:\/\/www.ossjsmlednik.si\/index.php?rest_route=%2Fwp%2Fv2%2Fcomments&post=5152"}],"version-history":[{"count":1,"href":"https:\/\/www.ossjsmlednik.si\/index.php?rest_route=\/wp\/v2\/posts\/5152\/revisions"}],"predecessor-version":[{"id":5158,"href":"https:\/\/www.ossjsmlednik.si\/index.php?rest_route=\/wp\/v2\/posts\/5152\/revisions\/5158"}],"wp:featuredmedia":[{"embeddable":true,"href":"https:\/\/www.ossjsmlednik.si\/index.php?rest_route=\/wp\/v2\/media\/5157"}],"wp:attachment":[{"href":"https:\/\/www.ossjsmlednik.si\/index.php?rest_route=%2Fwp%2Fv2%2Fmedia&parent=5152"}],"wp:term":[{"taxonomy":"category","embeddable":true,"href":"https:\/\/www.ossjsmlednik.si\/index.php?rest_route=%2Fwp%2Fv2%2Fcategories&post=5152"},{"taxonomy":"post_tag","embeddable":true,"href":"https:\/\/www.ossjsmlednik.si\/index.php?rest_route=%2Fwp%2Fv2%2Ftags&post=5152"}],"curies":[{"name":"wp","href":"https:\/\/api.w.org\/{rel}","templated":true}]}}